{"id":7473,"date":"2026-04-24T11:20:35","date_gmt":"2026-04-24T14:20:35","guid":{"rendered":"https:\/\/canaleitv.com.br\/?p=7473"},"modified":"2026-04-24T11:20:45","modified_gmt":"2026-04-24T14:20:45","slug":"mauricio-junior-e-o-novo-secretario-de-esportes-de-cosmopolis","status":"publish","type":"post","link":"https:\/\/canaleitv.com.br\/index.php\/2026\/04\/24\/mauricio-junior-e-o-novo-secretario-de-esportes-de-cosmopolis\/","title":{"rendered":"Maur\u00edcio J\u00fanior \u00e9 o novo secret\u00e1rio de esportes de Cosm\u00f3polis"},"content":{"rendered":"\n<p>A Prefeitura de Cosm\u00f3polis oficializou a mudan\u00e7a na Secretaria Municipal de Esportes na manh\u00e3 desta sexta-feira (24). O novo titular da pasta \u00e9 Maur\u00edcio Mendes de Souza Junior, conhecido como Juninho, que assume o cargo com efeito imediato.<br>Atleta multiesportista e refer\u00eancia no esporte adaptado desde 2012, Juninho construiu sua trajet\u00f3ria marcada pela supera\u00e7\u00e3o. Nascido com f\u00eamur curto cong\u00eanito, condi\u00e7\u00e3o que resultou em uma diferen\u00e7a de aproximadamente 25 cent\u00edmetros na perna esquerda, encontrou no esporte uma ferramenta de transforma\u00e7\u00e3o social.<\/p>\n\n\n\n<p>Atualmente, \u00e9 capit\u00e3o e camisa 10 da equipe de futebol de amputados da Associa\u00e7\u00e3o Atl\u00e9tica Ponte Preta, al\u00e9m de atuar em outras modalidades, como futev\u00f4lei para amputados, Foot Table, Para Teqball e Padbol.<\/p>\n\n\n\n<p>Ele substitui o Professor Lebrinha. \u201cA administra\u00e7\u00e3o municipal agradece ao ex-secret\u00e1rio pelos servi\u00e7os prestados e pela dedica\u00e7\u00e3o \u00e0 frente da Secretaria de Esportes\u201d.<\/p>\n","protected":false},"excerpt":{"rendered":"<p>A Prefeitura de Cosm\u00f3polis oficializou a mudan\u00e7a na Secretaria Municipal de Esportes na manh\u00e3 desta sexta-feira (24). O novo titular da pasta \u00e9 Maur\u00edcio Mendes de Souza Junior, conhecido como Juninho, que assume o cargo com efeito imediato.Atleta multiesportista e refer\u00eancia no esporte adaptado desde 2012, Juninho construiu sua trajet\u00f3ria marcada pela supera\u00e7\u00e3o. Nascido com<\/p>\n","protected":false},"author":8,"featured_media":7477,"comment_status":"open","ping_status":"open","sticky":false,"template":"","format":"standard","meta":{"footnotes":""},"categories":[47,48],"tags":[20,21],"class_list":{"0":"post-7473","1":"post","2":"type-post","3":"status-publish","4":"format-standard","5":"has-post-thumbnail","7":"category-cidades","8":"category-cosmopolis-cidades","9":"tag-destaques","10":"tag-principais-noticias"},"_links":{"self":[{"href":"https:\/\/canaleitv.com.br\/index.php\/wp-json\/wp\/v2\/posts\/7473","targetHints":{"allow":["GET"]}}],"collection":[{"href":"https:\/\/canaleitv.com.br\/index.php\/wp-json\/wp\/v2\/posts"}],"about":[{"href":"https:\/\/canaleitv.com.br\/index.php\/wp-json\/wp\/v2\/types\/post"}],"author":[{"embeddable":true,"href":"https:\/\/canaleitv.com.br\/index.php\/wp-json\/wp\/v2\/users\/8"}],"replies":[{"embeddable":true,"href":"https:\/\/canaleitv.com.br\/index.php\/wp-json\/wp\/v2\/comments?post=7473"}],"version-history":[{"count":1,"href":"https:\/\/canaleitv.com.br\/index.php\/wp-json\/wp\/v2\/posts\/7473\/revisions"}],"predecessor-version":[{"id":7478,"href":"https:\/\/canaleitv.com.br\/index.php\/wp-json\/wp\/v2\/posts\/7473\/revisions\/7478"}],"wp:featuredmedia":[{"embeddable":true,"href":"https:\/\/canaleitv.com.br\/index.php\/wp-json\/wp\/v2\/media\/7477"}],"wp:attachment":[{"href":"https:\/\/canaleitv.com.br\/index.php\/wp-json\/wp\/v2\/media?parent=7473"}],"wp:term":[{"taxonomy":"category","embeddable":true,"href":"https:\/\/canaleitv.com.br\/index.php\/wp-json\/wp\/v2\/categories?post=7473"},{"taxonomy":"post_tag","embeddable":true,"href":"https:\/\/canaleitv.com.br\/index.php\/wp-json\/wp\/v2\/tags?post=7473"}],"curies":[{"name":"wp","href":"https:\/\/api.w.org\/{rel}","templated":true}]}}