{"id":7470,"date":"2026-04-24T16:34:38","date_gmt":"2026-04-24T19:34:38","guid":{"rendered":"https:\/\/canaleitv.com.br\/?p=7470"},"modified":"2026-04-23T16:42:53","modified_gmt":"2026-04-23T19:42:53","slug":"operacao-da-pm-de-cosmopolis-apreende-drogas","status":"publish","type":"post","link":"https:\/\/canaleitv.com.br\/index.php\/2026\/04\/24\/operacao-da-pm-de-cosmopolis-apreende-drogas\/","title":{"rendered":"Opera\u00e7\u00e3o da PM de Cosm\u00f3polis apreende drogas"},"content":{"rendered":"\n<p>A Pol\u00edcia Militar de Cosm\u00f3polis deteve um jovem e apreendeu alguns produtos que aparentam ser drogas. A apreens\u00e3o se deu na noite desta quarta-feira (22) em Cosm\u00f3polis em uma opera\u00e7\u00e3o desencadeada pela Terceira Companhia de Pol\u00edcia Militar de Cosm\u00f3polis.<\/p>\n\n\n\n<p>De acordo com a PM, a opera\u00e7\u00e3o teve a noite pela comunidade da rua Valter Dester, na Cidade Alta. Os policiais se deslocaram at\u00e9 o local e realizaram a incurs\u00e3o peloa comunidade. Um jovem, de aparentemente 17 anos, ao avistar os policiais ele teria corrido para a \u00e1rea de mata da regi\u00e3o. Com o apoio dos policiais de motocicletas, os policiais conseguiram localizar o jovem.<\/p>\n\n\n\n<p>Com o apoio do canil da Guarda Municipal de Cosm\u00f3polis, os policiais relatam que foi encontrado muitas embalagens com subst\u00e2ncias que aparentam ser drogas.<\/p>\n\n\n\n<p>Ainda de acordo com a PM, no local foram encontradas sacolas com estas subst\u00e2ncias al\u00e9m de anota\u00e7\u00f5es de venda.<br>Os policiais contabilizam 215 por\u00e7\u00f5es de subst\u00e2ncia esverdeada aparentando ser maconha, 265 pequenas embalagens com subst\u00e2ncia em p\u00f3 branco aparentando ser coca\u00edna, 129 pedras de uma subst\u00e2ncia amarelada aparentando ser crack, 07 &#8216;ectasy&#8217;, um aparelho de telefone e folhas com contabilidade.<\/p>\n\n\n\n<p>O jovem foi encaminhado a Delegacia de Pol\u00edcia e, ap\u00f3s ser ouvido, foi liberado para seus genitores.<\/p>\n\n\n\n<p><\/p>\n","protected":false},"excerpt":{"rendered":"<p>A Pol\u00edcia Militar de Cosm\u00f3polis deteve um jovem e apreendeu alguns produtos que aparentam ser drogas. A apreens\u00e3o se deu na noite desta quarta-feira (22) em Cosm\u00f3polis em uma opera\u00e7\u00e3o desencadeada pela Terceira Companhia de Pol\u00edcia Militar de Cosm\u00f3polis. De acordo com a PM, a opera\u00e7\u00e3o teve a noite pela comunidade da rua Valter Dester,<\/p>\n","protected":false},"author":4,"featured_media":7471,"comment_status":"open","ping_status":"open","sticky":false,"template":"","format":"standard","meta":{"footnotes":""},"categories":[79],"tags":[20,21],"class_list":{"0":"post-7470","1":"post","2":"type-post","3":"status-publish","4":"format-standard","5":"has-post-thumbnail","7":"category-policia","8":"tag-destaques","9":"tag-principais-noticias"},"_links":{"self":[{"href":"https:\/\/canaleitv.com.br\/index.php\/wp-json\/wp\/v2\/posts\/7470","targetHints":{"allow":["GET"]}}],"collection":[{"href":"https:\/\/canaleitv.com.br\/index.php\/wp-json\/wp\/v2\/posts"}],"about":[{"href":"https:\/\/canaleitv.com.br\/index.php\/wp-json\/wp\/v2\/types\/post"}],"author":[{"embeddable":true,"href":"https:\/\/canaleitv.com.br\/index.php\/wp-json\/wp\/v2\/users\/4"}],"replies":[{"embeddable":true,"href":"https:\/\/canaleitv.com.br\/index.php\/wp-json\/wp\/v2\/comments?post=7470"}],"version-history":[{"count":1,"href":"https:\/\/canaleitv.com.br\/index.php\/wp-json\/wp\/v2\/posts\/7470\/revisions"}],"predecessor-version":[{"id":7472,"href":"https:\/\/canaleitv.com.br\/index.php\/wp-json\/wp\/v2\/posts\/7470\/revisions\/7472"}],"wp:featuredmedia":[{"embeddable":true,"href":"https:\/\/canaleitv.com.br\/index.php\/wp-json\/wp\/v2\/media\/7471"}],"wp:attachment":[{"href":"https:\/\/canaleitv.com.br\/index.php\/wp-json\/wp\/v2\/media?parent=7470"}],"wp:term":[{"taxonomy":"category","embeddable":true,"href":"https:\/\/canaleitv.com.br\/index.php\/wp-json\/wp\/v2\/categories?post=7470"},{"taxonomy":"post_tag","embeddable":true,"href":"https:\/\/canaleitv.com.br\/index.php\/wp-json\/wp\/v2\/tags?post=7470"}],"curies":[{"name":"wp","href":"https:\/\/api.w.org\/{rel}","templated":true}]}}