{"id":7322,"date":"2026-03-09T11:50:49","date_gmt":"2026-03-09T14:50:49","guid":{"rendered":"https:\/\/canaleitv.com.br\/?p=7322"},"modified":"2026-03-09T11:50:53","modified_gmt":"2026-03-09T14:50:53","slug":"datafolha-tarcisio-lidera-em-todos-os-cenarios-a-eleicao-para-o-governo-de-sao-paulo","status":"publish","type":"post","link":"https:\/\/canaleitv.com.br\/index.php\/2026\/03\/09\/datafolha-tarcisio-lidera-em-todos-os-cenarios-a-eleicao-para-o-governo-de-sao-paulo\/","title":{"rendered":"Datafolha: Tarc\u00edsio lidera em todos os cen\u00e1rios a elei\u00e7\u00e3o para o governo de S\u00e3o Paulo"},"content":{"rendered":"\n<p>O governador do estado de S\u00e3o Paulo, Tarc\u00edsio de Freitas (Republicanos), lidera todos os cen\u00e1rios das inten\u00e7\u00f5es de voto para o governo paulista. A pesquisa, feita pelo instituto Datafolha, mostra o atual governador a frente contra v\u00e1rios candidatos numa poss\u00edvel reelei\u00e7\u00e3o. A pesquisa foi divulgada neste domingo (08) pelo jornal &#8216;Folha de S\u00e3o Paulo. <br><br>De acordo com a pesquisa, foram entrevistados 1608 eleitores a partir de 16 anos em 71 munic\u00edpios do estado de S\u00e3o Paulo entre segunda-feira (03 e quinta-feira (05). <br><br>Tarc\u00edsio de Freitas aparece na frente em todos os cen\u00e1rios propostos pela pesquisa com no m\u00ednimo 40% das inten\u00e7\u00f5es de voto. Contra o petista Fernando Haddad &#8211; mesmo que ainda o PT n\u00e3o definiu quem disputar\u00e1 as elei\u00e7\u00f5es para o Executivo paulista &#8211; o atual governador vence no primeiro turno:<br><br><strong>Tarc\u00edsio (Republicanos) &#8211; 44%<\/strong><\/p>\n\n\n\n<p><strong>Fernando Haddad (PT) &#8211; 31<\/strong>%<\/p>\n\n\n\n<p><strong>Kim Kataguiri (Miss\u00e3o) &#8211; 5%<\/strong><\/p>\n\n\n\n<p><strong>Paulo Serra (PSDB) &#8211; 5%<\/strong><\/p>\n\n\n\n<p><strong>Felipe D&#8217;Avila (Novo) &#8211; 3%<\/strong><\/p>\n\n\n\n<p><strong>Branco\/nulo\/nenhum &#8211; 11%<\/strong><\/p>\n\n\n\n<p><strong>N\u00e3o sabem &#8211; 1%<\/strong><br><br>No segundo cen\u00e1rio, com o atual vice-presidente da Rep\u00fablica, Geraldo Alckmin, como advers\u00e1rio, Tarc\u00edsio tamb\u00e9m toma a ponta da pesquisa e cresce contra o pessebista:<br><br><strong>Tarc\u00edsio (Republicanos) &#8211; 46%<\/strong><\/p>\n\n\n\n<p><strong>Geraldo Alckmin (<a class=\"\" href=\"https:\/\/g1.globo.com\/politica\/partido\/psb\/\" target=\"_blank\" rel=\"noopener\">PSB<\/a>) &#8211; 26%<\/strong><\/p>\n\n\n\n<p><strong>Paulo Serra (PSDB) &#8211; 6%<\/strong><\/p>\n\n\n\n<p><strong>Kim Kataguiri (Miss\u00e3o) &#8211; 5%<\/strong><\/p>\n\n\n\n<p><strong>Felipe D&#8217;Avila (Novo) &#8211; 3%<\/strong><\/p>\n\n\n\n<p><strong>Branco\/nulo\/nenhum &#8211; 13%<\/strong><\/p>\n\n\n\n<p><strong>N\u00e3o sabem &#8211; 2%<\/strong><br><br>J\u00e1 contra a ex-ministra Simone Tebet (MDB), Tarc\u00edsio atinge o maior n\u00edvel entre os cen\u00e1rios testados, chegando a 49% das inten\u00e7\u00f5es de voto:<br><br><strong>Tarc\u00edsio (Republicanos) &#8211; 49%<\/strong><\/p>\n\n\n\n<p><strong>Simone Tebet (<a class=\"\" href=\"https:\/\/g1.globo.com\/politica\/partido\/mdb\/\" target=\"_blank\" rel=\"noopener\">MDB<\/a>) &#8211; 19%<\/strong><\/p>\n\n\n\n<p><strong>Paulo Serra (PSDB) &#8211; 7%<\/strong><\/p>\n\n\n\n<p><strong>Kim Kataguiri (Miss\u00e3o) &#8211; 4%<\/strong><\/p>\n\n\n\n<p><strong>Felipe D&#8217;Avila (Novo) &#8211; 3%<\/strong><\/p>\n\n\n\n<p><strong>Branco\/nulo\/nenhum &#8211; 15%<\/strong><\/p>\n\n\n\n<p><strong>N\u00e3o sabem &#8211; 2%<\/strong><br><br><strong>SEGUNDO TURNO<\/strong><br><br>Em um poss\u00edvel segundo turno, o governador de S\u00e3o Paulo tamb\u00e9m lidera mesmo que os advers\u00e1rios sejam Haddad, Alckmin e Tebet:<br><br>Cen\u00e1rio 1<br><br><strong>Tarc\u00edsio de Freitas 52%<br>Fernando Haddad 37%<\/strong><br><br>Cen\u00e1rio 2<br><br><strong>Tarc\u00edsio de Freitas  50%<br>Geraldo Alckmin 39%<\/strong><br><br>Cen\u00e1rio 3<br><strong>Tarc\u00edsio de Freitas 58%<br>Simone Tebet 28%<\/strong><br><br><strong>REJEI\u00c7\u00c3O<\/strong><br><br>Os candidatos que possivelmente ser\u00e3o apresentados pelo governo federal lideram a pesquisa quando o quesito \u00e9 a rejei\u00e7\u00e3o. O ex-ministro da Fazenda de Lula, Fernando Haddad, \u00e9 quem lidera, seguido de Alckmin, Tebet e do deputado federal Kim Kataguiri. <br><strong><br>Fernando Haddad (PT) &#8211; 38%<br>Geraldo Alckmin (PSB) &#8211; 29%<br>Simone Tebet (MDB) &#8211; 27%<br>Kim Kataguiri (Miss\u00e3o) &#8211; 25%<br>Tarc\u00edsio de Freitas (Republicanos) &#8211; 24%<br>M\u00e1rcio Fran\u00e7a (PSB) &#8211; 20%<\/strong><br><br><\/p>\n\n\n\n<p><\/p>\n","protected":false},"excerpt":{"rendered":"<p>O governador do estado de S\u00e3o Paulo, Tarc\u00edsio de Freitas (Republicanos), lidera todos os cen\u00e1rios das inten\u00e7\u00f5es de voto para o governo paulista. A pesquisa, feita pelo instituto Datafolha, mostra o atual governador a frente contra v\u00e1rios candidatos numa poss\u00edvel reelei\u00e7\u00e3o. A pesquisa foi divulgada neste domingo (08) pelo jornal &#8216;Folha de S\u00e3o Paulo. De<\/p>\n","protected":false},"author":8,"featured_media":7323,"comment_status":"open","ping_status":"open","sticky":false,"template":"","format":"standard","meta":{"footnotes":""},"categories":[4,35],"tags":[20,21],"class_list":{"0":"post-7322","1":"post","2":"type-post","3":"status-publish","4":"format-standard","5":"has-post-thumbnail","7":"category-politica","8":"category-eleicoes","9":"tag-destaques","10":"tag-principais-noticias"},"_links":{"self":[{"href":"https:\/\/canaleitv.com.br\/index.php\/wp-json\/wp\/v2\/posts\/7322","targetHints":{"allow":["GET"]}}],"collection":[{"href":"https:\/\/canaleitv.com.br\/index.php\/wp-json\/wp\/v2\/posts"}],"about":[{"href":"https:\/\/canaleitv.com.br\/index.php\/wp-json\/wp\/v2\/types\/post"}],"author":[{"embeddable":true,"href":"https:\/\/canaleitv.com.br\/index.php\/wp-json\/wp\/v2\/users\/8"}],"replies":[{"embeddable":true,"href":"https:\/\/canaleitv.com.br\/index.php\/wp-json\/wp\/v2\/comments?post=7322"}],"version-history":[{"count":1,"href":"https:\/\/canaleitv.com.br\/index.php\/wp-json\/wp\/v2\/posts\/7322\/revisions"}],"predecessor-version":[{"id":7324,"href":"https:\/\/canaleitv.com.br\/index.php\/wp-json\/wp\/v2\/posts\/7322\/revisions\/7324"}],"wp:featuredmedia":[{"embeddable":true,"href":"https:\/\/canaleitv.com.br\/index.php\/wp-json\/wp\/v2\/media\/7323"}],"wp:attachment":[{"href":"https:\/\/canaleitv.com.br\/index.php\/wp-json\/wp\/v2\/media?parent=7322"}],"wp:term":[{"taxonomy":"category","embeddable":true,"href":"https:\/\/canaleitv.com.br\/index.php\/wp-json\/wp\/v2\/categories?post=7322"},{"taxonomy":"post_tag","embeddable":true,"href":"https:\/\/canaleitv.com.br\/index.php\/wp-json\/wp\/v2\/tags?post=7322"}],"curies":[{"name":"wp","href":"https:\/\/api.w.org\/{rel}","templated":true}]}}